{"id":1643,"date":"2026-09-06T08:00:00","date_gmt":"2026-09-06T11:00:00","guid":{"rendered":"https:\/\/contadoresvisionarios.com.br\/blog-visionario\/?p=1643"},"modified":"2026-09-04T09:44:48","modified_gmt":"2026-09-04T12:44:48","slug":"gestao-de-tarefas-em-equipe-contabil","status":"publish","type":"post","link":"https:\/\/contadoresvisionarios.com.br\/blog-visionario\/gestao-de-tarefas-em-equipe-contabil\/","title":{"rendered":"Gest\u00e3o de Tarefas em Equipe Cont\u00e1bil: Como Distribuir e Acompanhar o Trabalho Sem Virar Cobrador"},"content":{"rendered":"\n<p class=\"wp-block-paragraph\">O dono do escrit\u00f3rio passa o dia fazendo a mesma pergunta: j\u00e1 saiu? j\u00e1 entregou? est\u00e1 pronto?<\/p>\n\n\n\n<p class=\"wp-block-paragraph\">N\u00e3o \u00e9 controle excessivo. \u00c9 a \u00fanica forma de saber, porque n\u00e3o existe nenhum lugar onde essa informa\u00e7\u00e3o esteja vis\u00edvel. O trabalho est\u00e1 distribu\u00eddo entre e-mails, mensagens, anota\u00e7\u00f5es em papel e a mem\u00f3ria de cada colaborador. Para descobrir o status, \u00e9 preciso interromper algu\u00e9m.<\/p>\n\n\n\n<p class=\"wp-block-paragraph\">O resultado \u00e9 conhecido: o dono vira cobrador em tempo integral, a equipe se sente vigiada, e ainda assim algo escapa todo m\u00eas.<\/p>\n\n\n\n<p class=\"wp-block-paragraph\"><strong>Gest\u00e3o de tarefas n\u00e3o \u00e9 sobre cobrar mais. \u00c9 sobre construir um lugar \u00fanico onde o trabalho fica vis\u00edvel para todos, o tempo todo, sem que ningu\u00e9m precise perguntar.<\/strong><\/p>\n\n\n\n<p class=\"wp-block-paragraph\">Neste artigo, voc\u00ea vai entender por que a distribui\u00e7\u00e3o informal de tarefas quebra quando a equipe cresce, como estruturar o quadro \u00fanico de trabalho, como calcular capacidade por colaborador para distribuir com crit\u00e9rio, como funciona o ciclo semanal de acompanhamento e quais indicadores mostram se o sistema est\u00e1 funcionando.<\/p>\n\n\n\n<h2 class=\"wp-block-heading\">Por que a distribui\u00e7\u00e3o informal quebra<\/h2>\n\n\n\n<p class=\"wp-block-paragraph\">Com tr\u00eas pessoas e quarenta clientes, distribuir tarefa por conversa funciona. O dono sabe quem est\u00e1 fazendo o qu\u00ea porque enxerga a sala inteira. O problema aparece quando a opera\u00e7\u00e3o cresce, e ele aparece de forma silenciosa.<\/p>\n\n\n\n<h3 class=\"wp-block-heading\">A informa\u00e7\u00e3o vive em canais paralelos<\/h3>\n\n\n\n<p class=\"wp-block-paragraph\">A tarefa chega por e-mail, \u00e9 repassada por mensagem, a d\u00favida \u00e9 resolvida por telefone e a conclus\u00e3o \u00e9 comunicada verbalmente. Cada etapa em um canal diferente. N\u00e3o existe nenhum ponto onde o hist\u00f3rico completo esteja reunido.<\/p>\n\n\n\n<p class=\"wp-block-paragraph\">Quando algo d\u00e1 errado, reconstituir o que aconteceu leva mais tempo do que a tarefa original levaria.<\/p>\n\n\n\n<h3 class=\"wp-block-heading\">A distribui\u00e7\u00e3o segue a disponibilidade aparente<\/h3>\n\n\n\n<p class=\"wp-block-paragraph\">Sem vis\u00e3o de carga, o trabalho vai para quem parece menos ocupado ou para quem responde mais r\u00e1pido. O colaborador organizado, que entrega no prazo e n\u00e3o reclama, recebe cada vez mais. O que se atrasa recebe menos. A carga desequilibra e ningu\u00e9m percebe at\u00e9 que algu\u00e9m entre em colapso ou pe\u00e7a demiss\u00e3o.<\/p>\n\n\n\n<h3 class=\"wp-block-heading\">O status s\u00f3 existe na cabe\u00e7a de quem executa<\/h3>\n\n\n\n<p class=\"wp-block-paragraph\">Como o andamento n\u00e3o est\u00e1 registrado, saber o status exige perguntar. E cada pergunta \u00e9 uma interrup\u00e7\u00e3o que custa muito mais do que os segundos da resposta, porque quebra a concentra\u00e7\u00e3o de quem estava executando.<\/p>\n\n\n\n<h3 class=\"wp-block-heading\">Tarefa sem dono definido n\u00e3o \u00e9 feita<\/h3>\n\n\n\n<p class=\"wp-block-paragraph\">Quando algo \u00e9 combinado em reuni\u00e3o sem respons\u00e1vel nomeado, todos assumem que outra pessoa vai fazer. A tarefa fica em suspenso at\u00e9 que algu\u00e9m perceba, geralmente perto do vencimento.<\/p>\n\n\n\n<h3 class=\"wp-block-heading\">O crescimento agrava tudo ao mesmo tempo<\/h3>\n\n\n\n<p class=\"wp-block-paragraph\">Cada cliente novo aumenta o volume de tarefas de forma multiplicada, porque a rotina cont\u00e1bil \u00e9 recorrente. O sistema informal n\u00e3o degrada de forma proporcional, ele quebra de uma vez, quando o volume ultrapassa a capacidade de qualquer pessoa acompanhar de cabe\u00e7a.<\/p>\n\n\n\n<h2 class=\"wp-block-heading\">O quadro \u00fanico de trabalho<\/h2>\n\n\n\n<p class=\"wp-block-paragraph\">A base de qualquer sistema de gest\u00e3o de tarefas \u00e9 um lugar s\u00f3. Se existe mais de um lugar, n\u00e3o existe nenhum.<\/p>\n\n\n\n<h3 class=\"wp-block-heading\">A regra fundamental<\/h3>\n\n\n\n<p class=\"wp-block-paragraph\"><strong>Toda tarefa do escrit\u00f3rio vive no quadro. Se n\u00e3o est\u00e1 no quadro, n\u00e3o existe. Isso inclui a demanda que chegou por mensagem direta, o pedido feito no corredor e o combinado na reuni\u00e3o. A convers\u00e3o para o quadro \u00e9 imediata, no momento em que a demanda surge.<\/strong><\/p>\n\n\n\n<p class=\"wp-block-paragraph\">Essa regra parece burocr\u00e1tica e \u00e9 o ponto que determina se o sistema vai funcionar. Um \u00fanico canal paralelo tolerado reabre todos os outros em poucas semanas.<\/p>\n\n\n\n<h3 class=\"wp-block-heading\">O que cada tarefa precisa conter<\/h3>\n\n\n\n<ul class=\"wp-block-list\">\n<li>Descri\u00e7\u00e3o objetiva do que precisa ser feito, n\u00e3o do assunto gen\u00e9rico<\/li>\n\n\n\n<li>Cliente ou \u00e1rea vinculada<\/li>\n\n\n\n<li>Respons\u00e1vel nomeado, sempre uma pessoa e n\u00e3o um grupo<\/li>\n\n\n\n<li>Prazo com data, incluindo o prazo interno quando houver prazo legal envolvido<\/li>\n\n\n\n<li>Est\u00e1gio atual dentro do fluxo<\/li>\n\n\n\n<li>Estimativa de esfor\u00e7o, mesmo que aproximada<\/li>\n<\/ul>\n\n\n\n<p class=\"wp-block-paragraph\">Tarefa atribu\u00edda a um grupo \u00e9 tarefa sem dono. A responsabilidade compartilhada dilui at\u00e9 desaparecer.<\/p>\n\n\n\n<h3 class=\"wp-block-heading\">As duas naturezas de tarefa<\/h3>\n\n\n\n<p class=\"wp-block-paragraph\">A opera\u00e7\u00e3o cont\u00e1bil combina dois tipos de trabalho que exigem tratamento diferente:<\/p>\n\n\n\n<figure class=\"wp-block-table\"><table class=\"has-fixed-layout\"><thead><tr><td><strong>Tipo<\/strong><\/td><td><strong>Caracter\u00edstica<\/strong><\/td><td><strong>Como entra no quadro<\/strong><\/td><\/tr><\/thead><tbody><tr><td>Recorrente<\/td><td>Rotina mensal previs\u00edvel por cliente, como apura\u00e7\u00e3o, folha e obriga\u00e7\u00e3o<\/td><td>Gerada automaticamente pelo calend\u00e1rio, com prazo interno definido<\/td><\/tr><tr><td>Demanda<\/td><td>Solicita\u00e7\u00e3o pontual do cliente ou interna, imprevis\u00edvel em volume<\/td><td>Registrada na entrada, com triagem e prioriza\u00e7\u00e3o<\/td><\/tr><\/tbody><\/table><\/figure>\n\n\n\n<p class=\"wp-block-paragraph\">Escrit\u00f3rios costumam controlar bem o recorrente, porque ele est\u00e1 no calend\u00e1rio, e perder o controle da demanda, que \u00e9 justamente a que gera insatisfa\u00e7\u00e3o do cliente quando fica sem resposta.<\/p>\n\n\n\n<h3 class=\"wp-block-heading\">Os est\u00e1gios do fluxo<\/h3>\n\n\n\n<p class=\"wp-block-paragraph\">Poucos est\u00e1gios, com crit\u00e9rio claro de passagem entre eles. Um desenho que funciona na maioria dos escrit\u00f3rios:<\/p>\n\n\n\n<ol class=\"wp-block-list\">\n<li>A fazer: entrou no quadro, ainda n\u00e3o iniciada<\/li>\n\n\n\n<li>Em execu\u00e7\u00e3o: algu\u00e9m est\u00e1 trabalhando nela agora<\/li>\n\n\n\n<li>Aguardando terceiro: parada por depend\u00eancia de cliente ou de outra \u00e1rea<\/li>\n\n\n\n<li>Em confer\u00eancia: executada, aguardando revis\u00e3o<\/li>\n\n\n\n<li>Conclu\u00edda: entregue e conferida<\/li>\n<\/ol>\n\n\n\n<p class=\"wp-block-paragraph\">O est\u00e1gio de aguardando terceiro \u00e9 o mais valioso e o mais frequentemente ausente. Sem ele, a tarefa parada por falta de documento do cliente aparece como atraso da equipe, o que distorce todo o diagn\u00f3stico.<\/p>\n\n\n\n<h3 class=\"wp-block-heading\">Limite de trabalho simult\u00e2neo<\/h3>\n\n\n\n<p class=\"wp-block-paragraph\">Um ajuste que produz efeito imediato: limitar quantas tarefas cada pessoa pode ter em execu\u00e7\u00e3o ao mesmo tempo. Tr\u00eas \u00e9 um n\u00famero que funciona bem.<\/p>\n\n\n\n<p class=\"wp-block-paragraph\">Quando algu\u00e9m tem doze tarefas em andamento, nenhuma avan\u00e7a. O limite for\u00e7a a conclus\u00e3o antes do in\u00edcio, o que reduz o tempo m\u00e9dio de entrega sem aumentar o esfor\u00e7o.<\/p>\n\n\n\n<h2 class=\"wp-block-heading\">Distribuir com base em capacidade, n\u00e3o em percep\u00e7\u00e3o<\/h2>\n\n\n\n<p class=\"wp-block-paragraph\">Distribui\u00e7\u00e3o justa exige saber quanto cada pessoa consegue entregar. Sem esse n\u00famero, a distribui\u00e7\u00e3o \u00e9 sempre um chute.<\/p>\n\n\n\n<h3 class=\"wp-block-heading\">Calcular a capacidade real<\/h3>\n\n\n\n<p class=\"wp-block-paragraph\">A capacidade n\u00e3o \u00e9 a jornada contratada. Do total de horas dispon\u00edveis, \u00e9 preciso descontar o tempo consumido por reuni\u00f5es, atendimento, interrup\u00e7\u00f5es e imprevistos, que em escrit\u00f3rio cont\u00e1bil \u00e9 uma parcela relevante.<\/p>\n\n\n\n<p class=\"wp-block-paragraph\"><strong>O n\u00famero que interessa \u00e9 a capacidade produtiva efetiva, e ele costuma ser bem menor do que o dono imagina. Planejar com a jornada cheia \u00e9 o que produz a sensa\u00e7\u00e3o permanente de atraso.<\/strong><\/p>\n\n\n\n<h3 class=\"wp-block-heading\">Estimar o esfor\u00e7o das tarefas recorrentes<\/h3>\n\n\n\n<p class=\"wp-block-paragraph\">As tarefas recorrentes se repetem todo m\u00eas, o que permite estimar com precis\u00e3o crescente. Ap\u00f3s dois ou tr\u00eas ciclos de registro, o escrit\u00f3rio sabe quanto tempo consome a rotina completa de cada cliente.<\/p>\n\n\n\n<p class=\"wp-block-paragraph\">Esse dado tem valor que ultrapassa a distribui\u00e7\u00e3o: ele revela quais clientes consomem tempo desproporcional ao honor\u00e1rio, o que \u00e9 insumo direto para decis\u00e3o de reajuste ou de reestrutura\u00e7\u00e3o de escopo.<\/p>\n\n\n\n<h3 class=\"wp-block-heading\">Reservar espa\u00e7o para a demanda<\/h3>\n\n\n\n<p class=\"wp-block-paragraph\">Se toda a capacidade \u00e9 preenchida com trabalho recorrente, qualquer demanda extra vira atraso ou hora extra. Uma parcela da capacidade precisa ficar livre para absorver o imprevisto, que n\u00e3o \u00e9 exce\u00e7\u00e3o na rotina cont\u00e1bil, \u00e9 constante.<\/p>\n\n\n\n<h3 class=\"wp-block-heading\">Distribuir por carteira, n\u00e3o por tarefa avulsa<\/h3>\n\n\n\n<p class=\"wp-block-paragraph\">Em escrit\u00f3rio cont\u00e1bil, a distribui\u00e7\u00e3o por carteira costuma superar a distribui\u00e7\u00e3o tarefa a tarefa. O colaborador que acompanha o mesmo grupo de clientes acumula contexto, comete menos erro e atende melhor.<\/p>\n\n\n\n<p class=\"wp-block-paragraph\">O contraponto \u00e9 o risco de concentra\u00e7\u00e3o de conhecimento, que se administra com documenta\u00e7\u00e3o de processo e rod\u00edzio peri\u00f3dico planejado.<\/p>\n\n\n\n<h3 class=\"wp-block-heading\">Revisar a distribui\u00e7\u00e3o periodicamente<\/h3>\n\n\n\n<p class=\"wp-block-paragraph\">Carteiras crescem em complexidade sem que ningu\u00e9m altere a distribui\u00e7\u00e3o. O cliente que entrou simples abriu duas filiais. A revis\u00e3o trimestral do equil\u00edbrio de carga corrige distor\u00e7\u00f5es antes que elas virem sobrecarga cr\u00f4nica.<\/p>\n\n\n\n<h2 class=\"wp-block-heading\">O ciclo semanal de acompanhamento<\/h2>\n\n\n\n<p class=\"wp-block-paragraph\">Quadro sem rotina de leitura vira arquivo morto em um m\u00eas. O ciclo semanal \u00e9 o que mant\u00e9m o sistema vivo.<\/p>\n\n\n\n<h3 class=\"wp-block-heading\">Planejamento no in\u00edcio da semana<\/h3>\n\n\n\n<p class=\"wp-block-paragraph\">Reuni\u00e3o curta, no m\u00e1ximo trinta minutos, com pauta fixa:<\/p>\n\n\n\n<ul class=\"wp-block-list\">\n<li>O que vence nesta semana, por cliente e respons\u00e1vel<\/li>\n\n\n\n<li>O que ficou pendente da semana anterior e por qu\u00ea<\/li>\n\n\n\n<li>O que est\u00e1 travado aguardando terceiro e quem vai destravar<\/li>\n\n\n\n<li>Ajuste de distribui\u00e7\u00e3o se algu\u00e9m estiver sobrecarregado<\/li>\n<\/ul>\n\n\n\n<p class=\"wp-block-paragraph\">A pergunta que organiza a reuni\u00e3o n\u00e3o \u00e9 o que voc\u00ea fez. \u00c9 o que est\u00e1 travado. A primeira gera relat\u00f3rio defensivo, a segunda gera solu\u00e7\u00e3o.<\/p>\n\n\n\n<h3 class=\"wp-block-heading\">Acompanhamento di\u00e1rio sem reuni\u00e3o<\/h3>\n\n\n\n<p class=\"wp-block-paragraph\">Durante a semana, o acompanhamento acontece pelo quadro, n\u00e3o por pergunta. O gestor abre o quadro, v\u00ea o que est\u00e1 parado h\u00e1 tempo demais e age apenas sobre a exce\u00e7\u00e3o.<\/p>\n\n\n\n<p class=\"wp-block-paragraph\"><strong>\u00c9 essa mudan\u00e7a que tira o dono do papel de cobrador. Ele deixa de perguntar sobre tudo e passa a agir sobre o que o sistema sinaliza.<\/strong><\/p>\n\n\n\n<h3 class=\"wp-block-heading\">Fechamento no fim da semana<\/h3>\n\n\n\n<p class=\"wp-block-paragraph\">Leitura r\u00e1pida do que foi conclu\u00eddo, do que passou do prazo e do que precisa entrar na pr\u00f3xima semana. Cinco minutos que evitam que a pend\u00eancia se acumule silenciosamente.<\/p>\n\n\n\n<h3 class=\"wp-block-heading\">O que n\u00e3o fazer no ciclo<\/h3>\n\n\n\n<ul class=\"wp-block-list\">\n<li>Transformar a reuni\u00e3o em presta\u00e7\u00e3o de contas individual, o que gera defensividade e omiss\u00e3o<\/li>\n\n\n\n<li>Usar o quadro para expor quem est\u00e1 atrasado diante da equipe<\/li>\n\n\n\n<li>Ampliar a reuni\u00e3o para al\u00e9m do tempo definido, o que faz a equipe passar a evit\u00e1-la<\/li>\n\n\n\n<li>Discutir a solu\u00e7\u00e3o t\u00e9cnica de um caso espec\u00edfico na reuni\u00e3o coletiva<\/li>\n<\/ul>\n\n\n\n<h2 class=\"wp-block-heading\">A ferramenta e o crit\u00e9rio de escolha<\/h2>\n\n\n\n<p class=\"wp-block-paragraph\">A pergunta que todo dono faz primeiro \u00e9 qual ferramenta usar. \u00c9 a pergunta errada na ordem errada, mas ela precisa ser respondida.<\/p>\n\n\n\n<h3 class=\"wp-block-heading\">Definir o fluxo antes da ferramenta<\/h3>\n\n\n\n<p class=\"wp-block-paragraph\">Ferramenta implantada sobre fluxo indefinido apenas digitaliza a confus\u00e3o. O escrit\u00f3rio passa semanas configurando campos e o abandono acontece no segundo m\u00eas, porque a ferramenta n\u00e3o resolveu o problema que nunca foi de ferramenta.<\/p>\n\n\n\n<p class=\"wp-block-paragraph\">A sequ\u00eancia que funciona \u00e9 definir est\u00e1gios, respons\u00e1veis, prazos internos e regra de entrada, testar em papel ou planilha por algumas semanas e s\u00f3 ent\u00e3o escolher a ferramenta que suporta o fluxo j\u00e1 definido.<\/p>\n\n\n\n<h3 class=\"wp-block-heading\">O que a ferramenta precisa ter<\/h3>\n\n\n\n<ul class=\"wp-block-list\">\n<li>Vis\u00e3o de quadro por est\u00e1gio e vis\u00e3o por respons\u00e1vel, altern\u00e1veis<\/li>\n\n\n\n<li>Gera\u00e7\u00e3o autom\u00e1tica de tarefas recorrentes a partir de calend\u00e1rio<\/li>\n\n\n\n<li>Prazo com alerta e destaque visual para o que est\u00e1 vencendo<\/li>\n\n\n\n<li>Hist\u00f3rico de coment\u00e1rios dentro da pr\u00f3pria tarefa, para eliminar canais paralelos<\/li>\n\n\n\n<li>Relat\u00f3rio de conclus\u00e3o e de tempo por tipo de tarefa<\/li>\n<\/ul>\n\n\n\n<p class=\"wp-block-paragraph\">Sistemas de gest\u00e3o cont\u00e1bil com m\u00f3dulo de tarefas integrado t\u00eam a vantagem de j\u00e1 conhecer o calend\u00e1rio de obriga\u00e7\u00f5es e a carteira. Ferramentas gen\u00e9ricas de gest\u00e3o de projeto oferecem mais flexibilidade e exigem mais configura\u00e7\u00e3o.<\/p>\n\n\n\n<h3 class=\"wp-block-heading\">O erro de trocar de ferramenta como solu\u00e7\u00e3o<\/h3>\n\n\n\n<p class=\"wp-block-paragraph\">Escrit\u00f3rio que troca de ferramenta pela terceira vez raramente tem problema de ferramenta. Tem problema de disciplina de uso, que nenhuma migra\u00e7\u00e3o resolve.<\/p>\n\n\n\n<h2 class=\"wp-block-heading\">Como medir se o sistema est\u00e1 funcionando<\/h2>\n\n\n\n<p class=\"wp-block-paragraph\">Gest\u00e3o de tarefas produz dado. Usar esse dado \u00e9 o que separa o quadro decorativo do sistema de gest\u00e3o.<\/p>\n\n\n\n<figure class=\"wp-block-table\"><table class=\"has-fixed-layout\"><thead><tr><td><strong>Indicador<\/strong><\/td><td><strong>O que revela<\/strong><\/td><td><strong>Dire\u00e7\u00e3o desejada<\/strong><\/td><\/tr><\/thead><tbody><tr><td>Percentual de tarefas conclu\u00eddas no prazo interno<\/td><td>Ader\u00eancia ao calend\u00e1rio<\/td><td>Eleva\u00e7\u00e3o e estabilidade<\/td><\/tr><tr><td>Tempo m\u00e9dio de conclus\u00e3o por tipo de tarefa<\/td><td>Efici\u00eancia do fluxo<\/td><td>Redu\u00e7\u00e3o com qualidade mantida<\/td><\/tr><tr><td>Tarefas paradas aguardando terceiro<\/td><td>Gargalo externo e falha de cobran\u00e7a<\/td><td>Redu\u00e7\u00e3o<\/td><\/tr><tr><td>Distribui\u00e7\u00e3o de carga entre colaboradores<\/td><td>Equil\u00edbrio da distribui\u00e7\u00e3o<\/td><td>Converg\u00eancia<\/td><\/tr><tr><td>Tarefas criadas fora do quadro<\/td><td>Disciplina de uso do sistema<\/td><td>Tend\u00eancia a zero<\/td><\/tr><\/tbody><\/table><\/figure>\n\n\n\n<h3 class=\"wp-block-heading\">O indicador que revela a verdade sobre o sistema<\/h3>\n\n\n\n<p class=\"wp-block-paragraph\">O \u00faltimo da lista \u00e9 o mais importante nos primeiros meses. Enquanto existirem demandas circulando fora do quadro, todos os outros indicadores estar\u00e3o medindo uma fra\u00e7\u00e3o da opera\u00e7\u00e3o e v\u00e3o parecer melhores do que a realidade.<\/p>\n\n\n\n<h3 class=\"wp-block-heading\">Usar o dado para corrigir processo, n\u00e3o pessoa<\/h3>\n\n\n\n<p class=\"wp-block-paragraph\">Se um tipo de tarefa atrasa sistematicamente com pessoas diferentes, o problema est\u00e1 no processo, na estimativa de esfor\u00e7o ou na depend\u00eancia de entrada. Ler o indicador como avalia\u00e7\u00e3o individual faz a equipe manipular o registro, e um quadro manipulado n\u00e3o serve para gest\u00e3o nenhuma.<\/p>\n\n\n\n<h2 class=\"wp-block-heading\">Gest\u00e3o de tarefas \u00e9 o que devolve o tempo do dono<\/h2>\n\n\n\n<p class=\"wp-block-paragraph\">Existe uma diferen\u00e7a pr\u00e1tica entre saber o que a equipe est\u00e1 fazendo e precisar perguntar o que a equipe est\u00e1 fazendo.<\/p>\n\n\n\n<p class=\"wp-block-paragraph\">No primeiro caso, a informa\u00e7\u00e3o est\u00e1 dispon\u00edvel e o dono a consulta quando quer. No segundo, ele precisa interromper tr\u00eas pessoas para montar um quadro mental que se desatualiza no dia seguinte. \u00c9 esse segundo modo que consome o dia inteiro e produz a sensa\u00e7\u00e3o de estar sempre correndo atr\u00e1s.<\/p>\n\n\n\n<p class=\"wp-block-paragraph\"><strong>O quadro \u00fanico n\u00e3o \u00e9 uma ferramenta de controle sobre a equipe. \u00c9 o que substitui o controle exercido por presen\u00e7a, que n\u00e3o escala e desgasta todo mundo, por um controle exercido por sistema, que funciona igual com dez ou com quarenta pessoas.<\/strong><\/p>\n\n\n\n<p class=\"wp-block-paragraph\">Quando o trabalho fica vis\u00edvel, a equipe ganha autonomia porque sabe o que precisa fazer sem esperar orienta\u00e7\u00e3o, e o dono ganha tempo porque para de ser o sistema de informa\u00e7\u00e3o do pr\u00f3prio escrit\u00f3rio.<\/p>\n\n\n\n<h2 class=\"wp-block-heading\">Conhe\u00e7a a Maestria Cont\u00e1bil!<\/h2>\n\n\n\n<p class=\"wp-block-paragraph\">Distribuir e acompanhar tarefas com m\u00e9todo \u00e9 um dos pontos em que a mudan\u00e7a aparece mais r\u00e1pido: em poucas semanas, o volume de interrup\u00e7\u00f5es cai e o prazo interno passa a ser cumprido.<\/p>\n\n\n\n<p class=\"wp-block-paragraph\">Mas o quadro sozinho n\u00e3o sustenta o resultado. Ele depende de processos definidos, prazos internos coerentes e uma rotina de gest\u00e3o que ningu\u00e9m abandona no primeiro m\u00eas corrido.<\/p>\n\n\n\n<p class=\"wp-block-paragraph\">\u00c9 a diferen\u00e7a entre um escrit\u00f3rio que funciona porque algu\u00e9m empurra e um escrit\u00f3rio que funciona porque tem sistema.<\/p>\n\n\n\n<p class=\"wp-block-paragraph\">A Maestria Cont\u00e1bil \u00e9 o programa criado para donos de escrit\u00f3rio que querem estruturar a opera\u00e7\u00e3o com m\u00e9todo, processos e gest\u00e3o real. Mais de 5.000 contadores j\u00e1 transformaram seus escrit\u00f3rios com o M\u00e9todo Matriz Lucrativa.<\/p>\n\n\n\n<p class=\"wp-block-paragraph\"><strong>Tire o seu escrit\u00f3rio da cobran\u00e7a di\u00e1ria e coloque a opera\u00e7\u00e3o em um sistema.<\/strong><\/p>\n\n\n\n<h2 class=\"wp-block-heading\">Perguntas frequentes sobre gest\u00e3o de tarefas em equipe<\/h2>\n\n\n\n<h3 class=\"wp-block-heading\">Qual a diferen\u00e7a entre gest\u00e3o de tarefas e gest\u00e3o de processos?<\/h3>\n\n\n\n<p class=\"wp-block-paragraph\">O processo define como cada atividade \u00e9 executada, com etapas e crit\u00e9rios. A gest\u00e3o de tarefas define quem faz o qu\u00ea, at\u00e9 quando e em que est\u00e1gio est\u00e1. S\u00e3o camadas complementares: sem processo, cada pessoa executa a mesma tarefa de um jeito diferente; sem gest\u00e3o de tarefas, ningu\u00e9m sabe se ela foi executada. Escrit\u00f3rio que implanta uma sem a outra resolve metade do problema.<\/p>\n\n\n\n<h3 class=\"wp-block-heading\">Preciso de uma ferramenta paga?<\/h3>\n\n\n\n<p class=\"wp-block-paragraph\">N\u00e3o necessariamente para come\u00e7ar. Muitos escrit\u00f3rios estruturam o fluxo em planilha ou em ferramenta gratuita nos primeiros meses, o que tem a vantagem de for\u00e7ar a defini\u00e7\u00e3o do fluxo antes da configura\u00e7\u00e3o. A ferramenta paga passa a se justificar quando o volume torna a atualiza\u00e7\u00e3o manual custosa e quando a gera\u00e7\u00e3o autom\u00e1tica de tarefas recorrentes come\u00e7a a economizar tempo real.<\/p>\n\n\n\n<h3 class=\"wp-block-heading\">Como fazer a equipe usar o quadro de verdade?<\/h3>\n\n\n\n<p class=\"wp-block-paragraph\">Eliminando as alternativas. Enquanto a demanda pedida por mensagem direta for aceita e executada, o quadro continuar\u00e1 incompleto. A mudan\u00e7a acontece quando toda solicita\u00e7\u00e3o, inclusive as do dono, passa pelo quadro sem exce\u00e7\u00e3o. O comportamento da lideran\u00e7a nas primeiras semanas define o resultado mais do que qualquer treinamento.<\/p>\n\n\n\n<h3 class=\"wp-block-heading\">Como saber se a distribui\u00e7\u00e3o de carga est\u00e1 justa?<\/h3>\n\n\n\n<p class=\"wp-block-paragraph\">Comparando a carga estimada de cada colaborador com a capacidade produtiva efetiva dele, n\u00e3o com a jornada contratada. O sinal de desequil\u00edbrio aparece quando uma pessoa entrega sistematicamente no limite do prazo enquanto outra conclui com folga, com carteiras de complexidade parecida. A revis\u00e3o trimestral existe justamente porque as carteiras mudam de complexidade sem que a distribui\u00e7\u00e3o seja atualizada.<\/p>\n\n\n\n<h3 class=\"wp-block-heading\">O quadro n\u00e3o vira controle excessivo sobre a equipe?<\/h3>\n\n\n\n<p class=\"wp-block-paragraph\">Vira, se for usado para expor atraso individual. N\u00e3o vira, se for usado para tornar o trabalho vis\u00edvel e redistribuir carga. A distin\u00e7\u00e3o pr\u00e1tica est\u00e1 na pergunta que a lideran\u00e7a faz diante de uma tarefa parada: perguntar por que voc\u00ea n\u00e3o terminou produz defensividade, perguntar o que est\u00e1 travando produz solu\u00e7\u00e3o. Equipes costumam preferir o quadro justamente porque ele torna vis\u00edvel o volume real que carregam.<\/p>\n\n\n\n<h3 class=\"wp-block-heading\">Quanto tempo at\u00e9 o sistema estabilizar?<\/h3>\n\n\n\n<p class=\"wp-block-paragraph\">As primeiras semanas costumam ser desconfort\u00e1veis, porque o quadro revela um volume de pend\u00eancia que estava disperso e invis\u00edvel. A estabiliza\u00e7\u00e3o, com a maior parte das demandas entrando pelo canal correto e os indicadores refletindo a opera\u00e7\u00e3o real, tende a levar alguns ciclos mensais. Abandonar o sistema durante o desconforto inicial \u00e9 o erro mais comum, e acontece exatamente antes do ponto em que ele come\u00e7aria a devolver tempo.<\/p>\n","protected":false},"excerpt":{"rendered":"<p>O dono do escrit\u00f3rio passa o dia fazendo a mesma pergunta: j\u00e1 saiu? j\u00e1 entregou? est\u00e1 pronto? N\u00e3o \u00e9 controle excessivo. \u00c9 a \u00fanica forma de saber, porque n\u00e3o existe nenhum lugar onde essa informa\u00e7\u00e3o esteja vis\u00edvel. O trabalho est\u00e1 distribu\u00eddo entre e-mails, mensagens, anota\u00e7\u00f5es em papel e a mem\u00f3ria de cada colaborador. Para descobrir [&hellip;]<\/p>\n","protected":false},"author":2,"featured_media":1655,"comment_status":"open","ping_status":"open","sticky":false,"template":"","format":"standard","meta":{"footnotes":""},"categories":[11],"tags":[],"class_list":["post-1643","post","type-post","status-publish","format-standard","has-post-thumbnail","hentry","category-equipe-e-gestao"],"_links":{"self":[{"href":"https:\/\/contadoresvisionarios.com.br\/blog-visionario\/wp-json\/wp\/v2\/posts\/1643","targetHints":{"allow":["GET"]}}],"collection":[{"href":"https:\/\/contadoresvisionarios.com.br\/blog-visionario\/wp-json\/wp\/v2\/posts"}],"about":[{"href":"https:\/\/contadoresvisionarios.com.br\/blog-visionario\/wp-json\/wp\/v2\/types\/post"}],"author":[{"embeddable":true,"href":"https:\/\/contadoresvisionarios.com.br\/blog-visionario\/wp-json\/wp\/v2\/users\/2"}],"replies":[{"embeddable":true,"href":"https:\/\/contadoresvisionarios.com.br\/blog-visionario\/wp-json\/wp\/v2\/comments?post=1643"}],"version-history":[{"count":1,"href":"https:\/\/contadoresvisionarios.com.br\/blog-visionario\/wp-json\/wp\/v2\/posts\/1643\/revisions"}],"predecessor-version":[{"id":1652,"href":"https:\/\/contadoresvisionarios.com.br\/blog-visionario\/wp-json\/wp\/v2\/posts\/1643\/revisions\/1652"}],"wp:featuredmedia":[{"embeddable":true,"href":"https:\/\/contadoresvisionarios.com.br\/blog-visionario\/wp-json\/wp\/v2\/media\/1655"}],"wp:attachment":[{"href":"https:\/\/contadoresvisionarios.com.br\/blog-visionario\/wp-json\/wp\/v2\/media?parent=1643"}],"wp:term":[{"taxonomy":"category","embeddable":true,"href":"https:\/\/contadoresvisionarios.com.br\/blog-visionario\/wp-json\/wp\/v2\/categories?post=1643"},{"taxonomy":"post_tag","embeddable":true,"href":"https:\/\/contadoresvisionarios.com.br\/blog-visionario\/wp-json\/wp\/v2\/tags?post=1643"}],"curies":[{"name":"wp","href":"https:\/\/api.w.org\/{rel}","templated":true}]}}